{"id":10058,"date":"2025-08-19T09:57:36","date_gmt":"2025-08-19T13:57:36","guid":{"rendered":"https:\/\/reporteoficial.net\/?p=10058"},"modified":"2025-08-19T09:57:37","modified_gmt":"2025-08-19T13:57:37","slug":"erlyn-saul-se-proyecta-internacionalmente-con-el-estreno-de-la-guira-y-la-tambora-en-colombia","status":"publish","type":"post","link":"https:\/\/reporteoficial.net\/index.php\/2025\/08\/19\/erlyn-saul-se-proyecta-internacionalmente-con-el-estreno-de-la-guira-y-la-tambora-en-colombia\/","title":{"rendered":"Erlyn Sa\u00fal se proyecta internacionalmente con el estreno de La G\u00fcira y la Tambora en Colombia"},"content":{"rendered":"\n<p>Santo Domingo.- El carism\u00e1tico actor y presentador dominicano Erlyn Sa\u00fal se prepara para emprender un nuevo viaje profesional: el estreno de la pel\u00edcula La G\u00fcira y la Tambora en Colombia. Protagonizada junto a la reconocida actriz colombiana Megumi Hasebe y el din\u00e1mico grupo musical The Novel Poppys, este filme celebra la fusi\u00f3n cultural entre Rep\u00fablica Dominicana y Colombia, y llegar\u00e1 a la pantalla grande el 21 de agosto en el Cinema Local San Felipe, ubicado en Calle 74 #20B-19, Bogot\u00e1 .<\/p>\n\n\n\n<p>La G\u00fcira y la Tambora es una coproducci\u00f3n que une esfuerzos de Valencia Producciones FX (Colombia) y Adri\u00e1n Pucheu Films \/ Colorlab Films (Rep\u00fablica Dominicana). La cinta destaca por su emotiva exploraci\u00f3n de la m\u00fasica y tradiciones compartidas entre ambos pa\u00edses, en una narrativa que promueve el entendimiento cultural a trav\u00e9s del arte \ufffc.<\/p>\n\n\n\n<figure class=\"wp-block-gallery has-nested-images columns-default is-cropped wp-block-gallery-1 is-layout-flex wp-block-gallery-is-layout-flex\">\n<figure class=\"wp-block-image size-large\"><img fetchpriority=\"high\" decoding=\"async\" width=\"1024\" height=\"1365\" data-id=\"10060\" src=\"https:\/\/reporteoficial.net\/wp-content\/uploads\/2025\/08\/Unknown-1-45-1024x1365.jpeg\" alt=\"\" class=\"wp-image-10060\" srcset=\"https:\/\/reporteoficial.net\/wp-content\/uploads\/2025\/08\/Unknown-1-45-1024x1365.jpeg 1024w, https:\/\/reporteoficial.net\/wp-content\/uploads\/2025\/08\/Unknown-1-45-300x400.jpeg 300w, https:\/\/reporteoficial.net\/wp-content\/uploads\/2025\/08\/Unknown-1-45-200x267.jpeg 200w, https:\/\/reporteoficial.net\/wp-content\/uploads\/2025\/08\/Unknown-1-45-768x1024.jpeg 768w, https:\/\/reporteoficial.net\/wp-content\/uploads\/2025\/08\/Unknown-1-45-1152x1536.jpeg 1152w, https:\/\/reporteoficial.net\/wp-content\/uploads\/2025\/08\/Unknown-1-45-480x640.jpeg 480w, https:\/\/reporteoficial.net\/wp-content\/uploads\/2025\/08\/Unknown-1-45.jpeg 1200w\" sizes=\"(max-width: 1024px) 100vw, 1024px\" \/><\/figure>\n\n\n\n<figure class=\"wp-block-image size-large\"><img decoding=\"async\" width=\"1024\" height=\"1517\" data-id=\"10061\" src=\"https:\/\/reporteoficial.net\/wp-content\/uploads\/2025\/08\/Unknown-65-1024x1517.jpeg\" alt=\"\" class=\"wp-image-10061\" srcset=\"https:\/\/reporteoficial.net\/wp-content\/uploads\/2025\/08\/Unknown-65-1024x1517.jpeg 1024w, https:\/\/reporteoficial.net\/wp-content\/uploads\/2025\/08\/Unknown-65-300x444.jpeg 300w, https:\/\/reporteoficial.net\/wp-content\/uploads\/2025\/08\/Unknown-65-200x296.jpeg 200w, https:\/\/reporteoficial.net\/wp-content\/uploads\/2025\/08\/Unknown-65-768x1138.jpeg 768w, https:\/\/reporteoficial.net\/wp-content\/uploads\/2025\/08\/Unknown-65-1037x1536.jpeg 1037w, https:\/\/reporteoficial.net\/wp-content\/uploads\/2025\/08\/Unknown-65-480x711.jpeg 480w, https:\/\/reporteoficial.net\/wp-content\/uploads\/2025\/08\/Unknown-65.jpeg 1080w\" sizes=\"(max-width: 1024px) 100vw, 1024px\" \/><\/figure>\n<\/figure>\n\n\n\n<p>Adem\u00e1s de este estreno internacional, Sa\u00fal se mantiene muy activo en el \u00e1mbito art\u00edstico nacional. Es figura habitual en Canal 4, donde conduce el programa Luna Llena; actualmente se encuentra inmerso en los ensayos de la exitosa obra de teatro TOC TOC; y simult\u00e1neamente finaliza los preparativos para el lanzamiento de su primera miniserie, Famigos \ufffc.<\/p>\n\n\n\n<p>Trayectoria destacada de Erlyn Sa\u00fal<br>Ha participado en producciones cinematogr\u00e1ficas reconocidas como Famigos, Confinados (2020) y Fetish (2021) \ufffc.<br>En su curr\u00edculum tambi\u00e9n figura el cortometraje \u00c9xodo, donde tuvo un papel principal, adem\u00e1s de participaciones en proyectos teatrales como Votemos (personificando a Joaqu\u00edn), y en la web\u2011serie Lua Llena, donde tambi\u00e9n ejerce como presentador \ufffc.<br>Su trayectoria profesional se remonta a colaboraciones en ferias culturales, como la Feria del Libro Dominicana en Nueva York (2013), y roles de asistente de direcci\u00f3n en proyectos como Cada Oveja con su Pareja (2011), hechos que reflejan su amplio recorrido en el mundo art\u00edstico<br>En redes sociales, Sa\u00fal comparte su proceso creativo y conecta con una audiencia cercana a los 18\u202f000 seguidores, destac\u00e1ndose como actor, presentador, y CEO de LAESCENAES , AZOTERAPIA<\/p>\n","protected":false},"excerpt":{"rendered":"<p>Santo Domingo.- El carism\u00e1tico actor y presentador dominicano Erlyn Sa\u00fal se prepara para emprender un nuevo viaje profesional: el estreno de la pel\u00edcula La G\u00fcira y la Tambora en Colombia. Protagonizada junto a la reconocida actriz colombiana Megumi Hasebe y el din\u00e1mico grupo musical The Novel Poppys, este filme celebra la fusi\u00f3n cultural entre Rep\u00fablica Dominicana y Colombia, y llegar\u00e1 a la pantalla grande el 21 de agosto en el Cinema Local San Felipe, ubicado en Calle 74 #20B-19, Bogot\u00e1 . La G\u00fcira y la Tambora es una coproducci\u00f3n que une esfuerzos de Valencia Producciones FX (Colombia) y Adri\u00e1n Pucheu Films \/ Colorlab Films (Rep\u00fablica Dominicana). La cinta destaca por su emotiva exploraci\u00f3n de la m\u00fasica y tradiciones compartidas entre ambos pa\u00edses, en una narrativa que promueve el entendimiento cultural a trav\u00e9s del arte \ufffc. Adem\u00e1s de este estreno internacional, Sa\u00fal se mantiene muy activo en el \u00e1mbito art\u00edstico nacional. Es figura habitual en Canal 4, donde conduce el programa Luna Llena; actualmente se encuentra inmerso en los ensayos de la exitosa obra de teatro TOC TOC; y simult\u00e1neamente finaliza los preparativos para el lanzamiento de su primera miniserie, Famigos \ufffc. Trayectoria destacada de Erlyn Sa\u00falHa participado en producciones cinematogr\u00e1ficas &hellip;<\/p>\n","protected":false},"author":1,"featured_media":10059,"comment_status":"open","ping_status":"open","sticky":false,"template":"","format":"standard","meta":{"footnotes":""},"categories":[139],"tags":[646,126,554,1288,1289,1151,1290],"class_list":["post-10058","post","type-post","status-publish","format-standard","has-post-thumbnail","hentry","category-arte","tag-actor","tag-cine","tag-colombia","tag-erlyn-saul","tag-la-guira","tag-movie","tag-tambora"],"acf":[],"_links":{"self":[{"href":"https:\/\/reporteoficial.net\/index.php\/wp-json\/wp\/v2\/posts\/10058","targetHints":{"allow":["GET"]}}],"collection":[{"href":"https:\/\/reporteoficial.net\/index.php\/wp-json\/wp\/v2\/posts"}],"about":[{"href":"https:\/\/reporteoficial.net\/index.php\/wp-json\/wp\/v2\/types\/post"}],"author":[{"embeddable":true,"href":"https:\/\/reporteoficial.net\/index.php\/wp-json\/wp\/v2\/users\/1"}],"replies":[{"embeddable":true,"href":"https:\/\/reporteoficial.net\/index.php\/wp-json\/wp\/v2\/comments?post=10058"}],"version-history":[{"count":1,"href":"https:\/\/reporteoficial.net\/index.php\/wp-json\/wp\/v2\/posts\/10058\/revisions"}],"predecessor-version":[{"id":10062,"href":"https:\/\/reporteoficial.net\/index.php\/wp-json\/wp\/v2\/posts\/10058\/revisions\/10062"}],"wp:featuredmedia":[{"embeddable":true,"href":"https:\/\/reporteoficial.net\/index.php\/wp-json\/wp\/v2\/media\/10059"}],"wp:attachment":[{"href":"https:\/\/reporteoficial.net\/index.php\/wp-json\/wp\/v2\/media?parent=10058"}],"wp:term":[{"taxonomy":"category","embeddable":true,"href":"https:\/\/reporteoficial.net\/index.php\/wp-json\/wp\/v2\/categories?post=10058"},{"taxonomy":"post_tag","embeddable":true,"href":"https:\/\/reporteoficial.net\/index.php\/wp-json\/wp\/v2\/tags?post=10058"}],"curies":[{"name":"wp","href":"https:\/\/api.w.org\/{rel}","templated":true}]}}